{"id":162,"date":"2023-06-06T16:20:58","date_gmt":"2023-06-06T19:20:58","guid":{"rendered":"https:\/\/www.colegiopauloavelar.com.br\/blog\/?p=162"},"modified":"2023-07-04T16:21:47","modified_gmt":"2023-07-04T19:21:47","slug":"o-metaverso-tambem-pode-ser-um-grande-aliado-no-ensino-fundamental","status":"publish","type":"post","link":"https:\/\/www.colegiopauloavelar.com.br\/blog\/o-metaverso-tambem-pode-ser-um-grande-aliado-no-ensino-fundamental\/","title":{"rendered":"O Metaverso tamb\u00e9m pode ser um  grande aliado no Ensino Fundamental."},"content":{"rendered":"\n<p>O Ensino Fundamental \u00e9 uma fase\nimportante na forma\u00e7\u00e3o escolar de todas as crian\u00e7as e jovens, e o Metaverso\npode ser uma ferramenta valiosa para ampliar as possibilidades de aprendizado.\nAqui est\u00e3o algumas raz\u00f5es pelas quais o Metaverso pode ser \u00fatil para o Ensino\nFundamental:<\/p>\n\n\n\n<p>1.&nbsp;&nbsp;&nbsp;&nbsp;&nbsp;&nbsp;&nbsp;&nbsp;&nbsp;&nbsp;&nbsp; Aprendizado interativo: O Metaverso permite que as\ncrian\u00e7as e jovens experimentem e interajam com conceitos e ideias de forma\nl\u00fadica e imersiva, ampliando sua compreens\u00e3o e reten\u00e7\u00e3o do conhecimento.<\/p>\n\n\n\n<p>2.&nbsp;&nbsp;&nbsp;&nbsp;&nbsp;&nbsp;&nbsp;&nbsp;&nbsp;&nbsp;&nbsp; Colabora\u00e7\u00e3o e trabalho em equipe: O Metaverso oferece a\npossibilidade de se trabalhar em grupo, permitindo que os estudantes colaborem\nem projetos e atividades, desenvolvendo habilidades sociais e de trabalho em\nequipe.<\/p>\n\n\n\n<p>3.&nbsp;&nbsp;&nbsp;&nbsp;&nbsp;&nbsp;&nbsp;&nbsp;&nbsp;&nbsp;&nbsp; Aprendizado personalizado: Com a possibilidade de\nescolher seu pr\u00f3prio caminho de aprendizado, cada estudante pode avan\u00e7ar no seu\npr\u00f3prio ritmo e focar nos assuntos que lhe interessam.<\/p>\n\n\n\n<p>4.&nbsp;&nbsp;&nbsp;&nbsp;&nbsp;&nbsp;&nbsp;&nbsp;&nbsp;&nbsp;&nbsp; Est\u00edmulo \u00e0 criatividade: O Metaverso permite que os\nestudantes criem e explorem seus pr\u00f3prios ambientes virtuais, estimulando sua\ncriatividade e imagina\u00e7\u00e3o.<\/p>\n\n\n\n<p>5.&nbsp;&nbsp;&nbsp;&nbsp;&nbsp;&nbsp;&nbsp;&nbsp;&nbsp;&nbsp;&nbsp; Inclus\u00e3o tecnol\u00f3gica: O Metaverso pode ser uma ferramenta\nvaliosa para incluir crian\u00e7as e jovens com necessidades especiais, ampliando\nsuas possibilidades de aprendizado e intera\u00e7\u00e3o social.<\/p>\n\n\n\n<p>Em resumo, o Metaverso pode ser\numa ferramenta importante para complementar o Ensino Fundamental, ampliando as\npossibilidades de aprendizado e proporcionando uma experi\u00eancia mais rica e\ninterativa. \u00c9 importante, no entanto, levar em conta a supervis\u00e3o e o\nacompanhamento dos professores para garantir o uso adequado e seguro desta\nferramenta.<\/p>\n\n\n\n<p>Fonte: @rabbitdigital<\/p>\n","protected":false},"excerpt":{"rendered":"<p>O Ensino Fundamental \u00e9 uma fase importante na forma\u00e7\u00e3o escolar de todas as crian\u00e7as e jovens, e o Metaverso pode<\/p>\n","protected":false},"author":1,"featured_media":163,"comment_status":"open","ping_status":"open","sticky":false,"template":"","format":"standard","meta":{"footnotes":""},"categories":[1],"tags":[],"_links":{"self":[{"href":"https:\/\/www.colegiopauloavelar.com.br\/blog\/wp-json\/wp\/v2\/posts\/162"}],"collection":[{"href":"https:\/\/www.colegiopauloavelar.com.br\/blog\/wp-json\/wp\/v2\/posts"}],"about":[{"href":"https:\/\/www.colegiopauloavelar.com.br\/blog\/wp-json\/wp\/v2\/types\/post"}],"author":[{"embeddable":true,"href":"https:\/\/www.colegiopauloavelar.com.br\/blog\/wp-json\/wp\/v2\/users\/1"}],"replies":[{"embeddable":true,"href":"https:\/\/www.colegiopauloavelar.com.br\/blog\/wp-json\/wp\/v2\/comments?post=162"}],"version-history":[{"count":1,"href":"https:\/\/www.colegiopauloavelar.com.br\/blog\/wp-json\/wp\/v2\/posts\/162\/revisions"}],"predecessor-version":[{"id":164,"href":"https:\/\/www.colegiopauloavelar.com.br\/blog\/wp-json\/wp\/v2\/posts\/162\/revisions\/164"}],"wp:featuredmedia":[{"embeddable":true,"href":"https:\/\/www.colegiopauloavelar.com.br\/blog\/wp-json\/wp\/v2\/media\/163"}],"wp:attachment":[{"href":"https:\/\/www.colegiopauloavelar.com.br\/blog\/wp-json\/wp\/v2\/media?parent=162"}],"wp:term":[{"taxonomy":"category","embeddable":true,"href":"https:\/\/www.colegiopauloavelar.com.br\/blog\/wp-json\/wp\/v2\/categories?post=162"},{"taxonomy":"post_tag","embeddable":true,"href":"https:\/\/www.colegiopauloavelar.com.br\/blog\/wp-json\/wp\/v2\/tags?post=162"}],"curies":[{"name":"wp","href":"https:\/\/api.w.org\/{rel}","templated":true}]}}